{"id":187,"date":"2024-06-13T08:00:50","date_gmt":"2024-06-13T08:00:50","guid":{"rendered":"https:\/\/edu.u-szeged.hu\/meta\/?p=187"},"modified":"2024-06-13T08:59:42","modified_gmt":"2024-06-13T08:59:42","slug":"bemutatkozas","status":"publish","type":"post","link":"https:\/\/edu.u-szeged.hu\/meta\/2024\/06\/13\/bemutatkozas\/","title":{"rendered":"Bemutatkoz\u00e1s"},"content":{"rendered":"<div class=\"wp-block-image\">\n<figure class=\"aligncenter size-large\"><img decoding=\"async\" loading=\"lazy\" width=\"1024\" height=\"537\" src=\"https:\/\/edu.u-szeged.hu\/meta\/wp-content\/uploads\/2024\/06\/bemutatkozas-cscs-1024x537.jpg\" alt=\"\" class=\"wp-image-188\" srcset=\"https:\/\/edu.u-szeged.hu\/meta\/wp-content\/uploads\/2024\/06\/bemutatkozas-cscs-1024x537.jpg 1024w, https:\/\/edu.u-szeged.hu\/meta\/wp-content\/uploads\/2024\/06\/bemutatkozas-cscs-300x157.jpg 300w, https:\/\/edu.u-szeged.hu\/meta\/wp-content\/uploads\/2024\/06\/bemutatkozas-cscs-768x403.jpg 768w, https:\/\/edu.u-szeged.hu\/meta\/wp-content\/uploads\/2024\/06\/bemutatkozas-cscs-1140x598.jpg 1140w, https:\/\/edu.u-szeged.hu\/meta\/wp-content\/uploads\/2024\/06\/bemutatkozas-cscs.jpg 1310w\" sizes=\"(max-width: 1024px) 100vw, 1024px\" \/><\/figure><\/div>\n\n\n<p>A Szegedi Akad\u00e9miai Bizotts\u00e1g Oktat\u00e1selm\u00e9leti Munkabizotts\u00e1g rendezv\u00e9nysorozat\u00e1nak r\u00e9szek\u00e9nt, 2023. 04. 28-\u00e1n Kutat\u00f3csoportunk lehet\u0151s\u00e9get kapott a bemutatkoz\u00e1sra. Az esem\u00e9nyen h\u00e1rom el\u0151ad\u00e1ssal ismertett\u00fck a kutat\u00e1saink h\u00e1rom alappill\u00e9r\u00e9t:<\/p>\n\n\n\n<ul>\n<li>Cs\u00edkos Csaba: A matematikai gondolkod\u00e1s metakognit\u00edv elemeinek vizsg\u00e1lata<\/li>\n\n\n\n<li>Stekl\u00e1cs J\u00e1nos: A sz\u00f6veg\u00e9rt\u00e9s metakognit\u00edv elemeinek vizsg\u00e1lata<\/li>\n\n\n\n<li>Bir\u00f3 Fanni: A pedag\u00f3giai tud\u00e1s metakognit\u00edv elemeinek vizsg\u00e1lata<\/li>\n<\/ul>\n\n\n\n<p>K\u00f6sz\u00f6nj\u00fck a lehet\u0151s\u00e9get Korom Erzs\u00e9betnek \u00e9s a SZAB Oktat\u00e1selm\u00e1leti Munkabizotts\u00e1g\u00e1nak.<\/p>\n","protected":false},"excerpt":{"rendered":"<p>A Szegedi Akad\u00e9miai Bizotts\u00e1g Oktat\u00e1selm\u00e9leti Munkabizotts\u00e1g rendezv\u00e9nysorozat\u00e1nak r\u00e9szek\u00e9nt, 2023. 04. 28-\u00e1n Kutat\u00f3csoportunk lehet\u0151s\u00e9get kapott a bemutatkoz\u00e1sra. Az esem\u00e9nyen h\u00e1rom el\u0151ad\u00e1ssal ismertett\u00fck a kutat\u00e1saink h\u00e1rom alappill\u00e9r\u00e9t: K\u00f6sz\u00f6nj\u00fck a lehet\u0151s\u00e9get Korom Erzs\u00e9betnek \u00e9s a SZAB Oktat\u00e1selm\u00e1leti Munkabizotts\u00e1g\u00e1nak.<\/p>\n","protected":false},"author":1,"featured_media":0,"comment_status":"closed","ping_status":"open","sticky":false,"template":"","format":"standard","meta":[],"categories":[1],"tags":[],"_links":{"self":[{"href":"https:\/\/edu.u-szeged.hu\/meta\/wp-json\/wp\/v2\/posts\/187"}],"collection":[{"href":"https:\/\/edu.u-szeged.hu\/meta\/wp-json\/wp\/v2\/posts"}],"about":[{"href":"https:\/\/edu.u-szeged.hu\/meta\/wp-json\/wp\/v2\/types\/post"}],"author":[{"embeddable":true,"href":"https:\/\/edu.u-szeged.hu\/meta\/wp-json\/wp\/v2\/users\/1"}],"replies":[{"embeddable":true,"href":"https:\/\/edu.u-szeged.hu\/meta\/wp-json\/wp\/v2\/comments?post=187"}],"version-history":[{"count":1,"href":"https:\/\/edu.u-szeged.hu\/meta\/wp-json\/wp\/v2\/posts\/187\/revisions"}],"predecessor-version":[{"id":189,"href":"https:\/\/edu.u-szeged.hu\/meta\/wp-json\/wp\/v2\/posts\/187\/revisions\/189"}],"wp:attachment":[{"href":"https:\/\/edu.u-szeged.hu\/meta\/wp-json\/wp\/v2\/media?parent=187"}],"wp:term":[{"taxonomy":"category","embeddable":true,"href":"https:\/\/edu.u-szeged.hu\/meta\/wp-json\/wp\/v2\/categories?post=187"},{"taxonomy":"post_tag","embeddable":true,"href":"https:\/\/edu.u-szeged.hu\/meta\/wp-json\/wp\/v2\/tags?post=187"}],"curies":[{"name":"wp","href":"https:\/\/api.w.org\/{rel}","templated":true}]}}