{"id":179,"date":"2024-06-13T08:30:27","date_gmt":"2024-06-13T08:30:27","guid":{"rendered":"https:\/\/edu.u-szeged.hu\/meta\/?p=179"},"modified":"2024-06-13T09:00:00","modified_gmt":"2024-06-13T09:00:00","slug":"xx-pedagogiai-ertekelesi-konferencia","status":"publish","type":"post","link":"https:\/\/edu.u-szeged.hu\/meta\/2024\/06\/13\/xx-pedagogiai-ertekelesi-konferencia\/","title":{"rendered":"XX. Pedag\u00f3giai \u00c9rt\u00e9kel\u00e9si Konferencia"},"content":{"rendered":"\n<p>A XX. Pedag\u00f3giai \u00c9rt\u00e9kel\u00e9si Konferenci\u00e1n kutat\u00f3ink, Cs\u00edkos Csaba, Bereczki Ildik\u00f3 \u00e9s Bir\u00f3 Fanni konferenciaprezent\u00e1ci\u00f3val k\u00e9pviselt\u00e9k a Kutat\u00f3csoportot. Az el\u0151ad\u00e1s c\u00edme Az aritmetikai t\u00e9nyek v\u00e1ltoz\u00f3 szerepe a sz\u00e1mol\u00e1si k\u00e9szs\u00e9g fejl\u0151d\u00e9s\u00e9ben volt. Az el\u0151ad\u00e1s absztraktja az al\u00e1bbi linken \u00e9rhet\u0151 el: <a href=\"https:\/\/www.edu.u-szeged.hu\/pek2024\/download\/absztraktkotet_pek2024.pdf#page=23\">https:\/\/www.edu.u-szeged.hu\/pek2024\/download\/absztraktkotet_pek2024.pdf#page=23<\/a><\/p>\n\n\n<div class=\"wp-block-image\">\n<figure class=\"aligncenter size-large\"><img decoding=\"async\" loading=\"lazy\" width=\"1024\" height=\"739\" src=\"https:\/\/edu.u-szeged.hu\/meta\/wp-content\/uploads\/2024\/06\/XX-PEK-CsCs-1024x739.jpg\" alt=\"\" class=\"wp-image-180\" srcset=\"https:\/\/edu.u-szeged.hu\/meta\/wp-content\/uploads\/2024\/06\/XX-PEK-CsCs-1024x739.jpg 1024w, https:\/\/edu.u-szeged.hu\/meta\/wp-content\/uploads\/2024\/06\/XX-PEK-CsCs-300x217.jpg 300w, https:\/\/edu.u-szeged.hu\/meta\/wp-content\/uploads\/2024\/06\/XX-PEK-CsCs-768x554.jpg 768w, https:\/\/edu.u-szeged.hu\/meta\/wp-content\/uploads\/2024\/06\/XX-PEK-CsCs-1140x823.jpg 1140w, https:\/\/edu.u-szeged.hu\/meta\/wp-content\/uploads\/2024\/06\/XX-PEK-CsCs.jpg 1384w\" sizes=\"(max-width: 1024px) 100vw, 1024px\" \/><\/figure><\/div>","protected":false},"excerpt":{"rendered":"<p>A XX. Pedag\u00f3giai \u00c9rt\u00e9kel\u00e9si Konferenci\u00e1n kutat\u00f3ink, Cs\u00edkos Csaba, Bereczki Ildik\u00f3 \u00e9s Bir\u00f3 Fanni konferenciaprezent\u00e1ci\u00f3val k\u00e9pviselt\u00e9k a Kutat\u00f3csoportot. Az el\u0151ad\u00e1s c\u00edme Az aritmetikai t\u00e9nyek v\u00e1ltoz\u00f3 szerepe a sz\u00e1mol\u00e1si k\u00e9szs\u00e9g fejl\u0151d\u00e9s\u00e9ben volt. Az el\u0151ad\u00e1s absztraktja az al\u00e1bbi linken \u00e9rhet\u0151 el: https:\/\/www.edu.u-szeged.hu\/pek2024\/download\/absztraktkotet_pek2024.pdf#page=23<\/p>\n","protected":false},"author":1,"featured_media":0,"comment_status":"closed","ping_status":"open","sticky":false,"template":"","format":"standard","meta":[],"categories":[1],"tags":[],"_links":{"self":[{"href":"https:\/\/edu.u-szeged.hu\/meta\/wp-json\/wp\/v2\/posts\/179"}],"collection":[{"href":"https:\/\/edu.u-szeged.hu\/meta\/wp-json\/wp\/v2\/posts"}],"about":[{"href":"https:\/\/edu.u-szeged.hu\/meta\/wp-json\/wp\/v2\/types\/post"}],"author":[{"embeddable":true,"href":"https:\/\/edu.u-szeged.hu\/meta\/wp-json\/wp\/v2\/users\/1"}],"replies":[{"embeddable":true,"href":"https:\/\/edu.u-szeged.hu\/meta\/wp-json\/wp\/v2\/comments?post=179"}],"version-history":[{"count":1,"href":"https:\/\/edu.u-szeged.hu\/meta\/wp-json\/wp\/v2\/posts\/179\/revisions"}],"predecessor-version":[{"id":181,"href":"https:\/\/edu.u-szeged.hu\/meta\/wp-json\/wp\/v2\/posts\/179\/revisions\/181"}],"wp:attachment":[{"href":"https:\/\/edu.u-szeged.hu\/meta\/wp-json\/wp\/v2\/media?parent=179"}],"wp:term":[{"taxonomy":"category","embeddable":true,"href":"https:\/\/edu.u-szeged.hu\/meta\/wp-json\/wp\/v2\/categories?post=179"},{"taxonomy":"post_tag","embeddable":true,"href":"https:\/\/edu.u-szeged.hu\/meta\/wp-json\/wp\/v2\/tags?post=179"}],"curies":[{"name":"wp","href":"https:\/\/api.w.org\/{rel}","templated":true}]}}